[{"@context":"https:\/\/schema.org\/","@type":"Article","@id":"https:\/\/www.szzmb.cz\/skvele-pro-deti\/#Article","mainEntityOfPage":"https:\/\/www.szzmb.cz\/skvele-pro-deti\/","headline":"Skv\u011bl\u00e9 pro d\u011bti","name":"Skv\u011bl\u00e9 pro d\u011bti","description":"Kvalitn\u00ed patrov\u00e1 postel je opravdu skv\u011bl\u00e1 do ka\u017ed\u00e9ho d\u011btsk\u00e9ho pokoj, kter\u00fd spolu sd\u00edl\u00ed v\u00edcero d\u011bt\u00ed. Kdyby toti\u017e m\u011bl ka\u017ed\u00fd sv\u00e9 vlastn\u00ed l\u016f\u017eko, tak v\u011bt\u0161inou prostoru v pokoj\u00ed\u010dku zabere pr\u00e1v\u011b n\u00e1bytek. Takto se toho nemus\u00edte b\u00e1t, tento skv\u011bl\u00fd kus n\u00e1bytku toti\u017e naprosto nezab\u00edr\u00e1 m\u00edsto. Pro\u010d byste okr\u00e1dali sv\u00e9 d\u011bti o prostor na hran\u00ed, kdy\u017e to jde...","datePublished":"2025-02-11","dateModified":"2025-02-11","author":{"@type":"Person","@id":"https:\/\/www.szzmb.cz\/author\/#Person","name":"","url":"https:\/\/www.szzmb.cz\/author\/","identifier":1,"image":{"@type":"ImageObject","@id":"https:\/\/secure.gravatar.com\/avatar\/9514fe8d0d5bc6f8b5e285c47f6d71536ab35446ffb077fff11f6ca1fa8b00ce?s=96&d=mm&r=g","url":"https:\/\/secure.gravatar.com\/avatar\/9514fe8d0d5bc6f8b5e285c47f6d71536ab35446ffb077fff11f6ca1fa8b00ce?s=96&d=mm&r=g","height":96,"width":96}},"publisher":{"@type":"Organization","name":"szzmb.cz","logo":{"@type":"ImageObject","@id":"\/logo.png","url":"\/logo.png","width":600,"height":60}},"url":"https:\/\/www.szzmb.cz\/skvele-pro-deti\/","wordCount":187,"articleBody":"Kvalitn\u00ed patrov\u00e1 postel je opravdu skv\u011bl\u00e1 do ka\u017ed\u00e9ho d\u011btsk\u00e9ho pokoj, kter\u00fd spolu sd\u00edl\u00ed v\u00edcero d\u011bt\u00ed. Kdyby toti\u017e m\u011bl ka\u017ed\u00fd sv\u00e9 vlastn\u00ed l\u016f\u017eko, tak v\u011bt\u0161inou prostoru v pokoj\u00ed\u010dku zabere pr\u00e1v\u011b n\u00e1bytek. Takto se toho nemus\u00edte b\u00e1t, tento skv\u011bl\u00fd kus n\u00e1bytku toti\u017e naprosto nezab\u00edr\u00e1 m\u00edsto. Pro\u010d byste okr\u00e1dali sv\u00e9 d\u011bti o prostor na hran\u00ed, kdy\u017e to jde vy\u0159e\u0161it i jinak, l\u00e9pe?Kvalita je d\u016fle\u017eit\u00e1Na\u0161e patrov\u00e9 postele, kter\u00e9 najdete v na\u0161\u00ed pestr\u00e9 a bohat\u00e9 nab\u00eddce, jsou opravdu \u0161pi\u010dkov\u00e9 kvality. Jsou vyroben\u00e9 z masivn\u00edho d\u0159eva, kter\u00e9 je zn\u00e1m pro svou neskonalou kvalitu a odolnost. Pokud i vy chcete po\u0159\u00eddit n\u011bco opravdu v\u00fdhodn\u00e9ho, co by slou\u017eilo va\u0161im d\u011btem po spoustu let, tak nev\u00e1hejte a vyb\u00edrejte pr\u00e1v\u011b u n\u00e1s. D\u00e1v\u00e1me si z\u00e1le\u017eet jak na \u0161pi\u010dkov\u00e9 kvalit\u011b, tak na skv\u011bl\u00e9m designu a bezpe\u010dnosti va\u0161ich d\u011bt\u00ed.                                                                                                                                                                                                                                                                                                                                                                                        2.5\/5 - (2 votes)        "},{"@context":"https:\/\/schema.org\/","@type":"BreadcrumbList","itemListElement":[{"@type":"ListItem","position":1,"name":"Skv\u011bl\u00e9 pro d\u011bti","item":"https:\/\/www.szzmb.cz\/skvele-pro-deti\/#breadcrumbitem"}]}]