[{"@context":"https:\/\/schema.org\/","@type":"Article","@id":"https:\/\/www.szzmb.cz\/dovolena-je-pro-kazdeho\/#Article","mainEntityOfPage":"https:\/\/www.szzmb.cz\/dovolena-je-pro-kazdeho\/","headline":"Dovolen\u00e1 je pro ka\u017ed\u00e9ho","name":"Dovolen\u00e1 je pro ka\u017ed\u00e9ho","description":"Po dlouh\u00e9m a n\u011bkdy snad nekon\u010d\u00edc\u00edm roku pln\u00e9 pr\u00e1ce a povinnost\u00ed by ka\u017ed\u00fd pot\u0159eboval p\u00e1r t\u00fddn\u016f dovolenou. Jenom\u017ee ne ka\u017ed\u00fd si dok\u00e1\u017ee na\u0161et\u0159it dostatek financ\u00ed. N\u011bkdo mlad\u00fd pr\u00e1v\u011b za\u010dal pracovat a s pen\u011bzi nap\u0159\u00edklad je\u0161t\u011b neum\u00ed hospoda\u0159it nebo m\u00e1 men\u0161\u00ed mzdu, n\u011bkdo je r\u00e1d, \u017ee ka\u017ed\u00fd m\u011bs\u00edc u\u017eiv\u00ed rodinu.\u00a0Pokud si ale n\u011bco m\u00e1lo na\u0161et\u0159\u00edte, dovolenou...","datePublished":"2022-06-24","dateModified":"2023-05-15","author":{"@type":"Person","@id":"https:\/\/www.szzmb.cz\/author\/#Person","name":"","url":"https:\/\/www.szzmb.cz\/author\/","identifier":1,"image":{"@type":"ImageObject","@id":"https:\/\/secure.gravatar.com\/avatar\/9514fe8d0d5bc6f8b5e285c47f6d71536ab35446ffb077fff11f6ca1fa8b00ce?s=96&d=mm&r=g","url":"https:\/\/secure.gravatar.com\/avatar\/9514fe8d0d5bc6f8b5e285c47f6d71536ab35446ffb077fff11f6ca1fa8b00ce?s=96&d=mm&r=g","height":96,"width":96}},"publisher":{"@type":"Organization","name":"szzmb.cz","logo":{"@type":"ImageObject","@id":"\/logo.png","url":"\/logo.png","width":600,"height":60}},"image":{"@type":"ImageObject","@id":"https:\/\/www.szzmb.cz\/wp-content\/uploads\/dovolen%C3%A1_1.jpeg","url":"https:\/\/www.szzmb.cz\/wp-content\/uploads\/dovolen%C3%A1_1.jpeg","height":0,"width":0},"url":"https:\/\/www.szzmb.cz\/dovolena-je-pro-kazdeho\/","about":["Dovolen\u00e1"],"wordCount":469,"articleBody":"Po dlouh\u00e9m a n\u011bkdy snad nekon\u010d\u00edc\u00edm roku pln\u00e9 pr\u00e1ce a povinnost\u00ed by ka\u017ed\u00fd pot\u0159eboval p\u00e1r t\u00fddn\u016f dovolenou. Jenom\u017ee ne ka\u017ed\u00fd si dok\u00e1\u017ee na\u0161et\u0159it dostatek financ\u00ed. N\u011bkdo mlad\u00fd pr\u00e1v\u011b za\u010dal pracovat a s pen\u011bzi nap\u0159\u00edklad je\u0161t\u011b neum\u00ed hospoda\u0159it nebo m\u00e1 men\u0161\u00ed mzdu, n\u011bkdo je r\u00e1d, \u017ee ka\u017ed\u00fd m\u011bs\u00edc u\u017eiv\u00ed rodinu.\u00a0Pokud si ale n\u011bco m\u00e1lo na\u0161et\u0159\u00edte, dovolenou si pak vyb\u00edr\u00e1te podle finan\u010dn\u00edch prost\u0159edk\u016f, kter\u00e9 m\u00e1te.\u00a0Letn\u00ed dovolen\u00e1Letn\u00ed dovolen\u00e1 je nejb\u011b\u017en\u011bj\u0161\u00ed, kterou si lid\u00e9 \u010dasto vyb\u00edraj\u00ed. M\u016f\u017eete ji str\u00e1vit u mo\u0159e odpo\u010dinkem na pl\u00e1\u017ei, na hor\u00e1ch turistikou nebo proj\u00ed\u017e\u010fkami na kolech. Letn\u00ed dovolen\u00e9 jsou flexibiln\u011bj\u0161\u00ed, co se t\u00fd\u010de destinace, m\u016f\u017eete si vybrat jakoukoliv a v\u00edte, \u017ee V\u00e1s tam nep\u0159ekvap\u00ed krom\u011b de\u0161t\u011b \u017e\u00e1dn\u00e1 zima. Samoz\u0159ejm\u011b pokud si nevyberete nap\u0159\u00edklad Norsko. Obl\u00edben\u00e9 zem\u011b jsou nap\u0159\u00edklad Chorvatsko, kam dojedete pohodln\u011b autem, Slovensk\u00e9 Tatry pro milovn\u00edky hor a pokud preferujete cestov\u00e1n\u00ed letecky, nej\u010dast\u011bji lid\u00e9 nav\u0161t\u011bvuj\u00ed Egypt pro svou n\u00e1dhernou podmo\u0159skou \u0159\u00ed\u0161i, kterou objevuj\u00ed pot\u00e1p\u011bn\u00edm, Turecko, ale i \u0158ecko.Zimn\u00ed dovolen\u00e1Zimn\u00ed dovolenou lid\u00e9 vyb\u00edraj\u00ed nej\u010dast\u011bji ze dvou d\u016fvod\u016f: bu\u010f aby si u\u017eili ly\u017eov\u00e1n\u00ed na hor\u00e1ch a\u0165 u\u017e u n\u00e1s, nebo n\u011bkde v zahrani\u010d\u00ed, kde jsou podm\u00ednky pro ly\u017eov\u00e1n\u00ed neuv\u011b\u0159iteln\u00e9, nap\u0159\u00edklad Alpy, a\u0165 u\u017e v It\u00e1lii nebo Rakousku,\u00a0anebo aby se po\u0159\u00e1dn\u011b vyh\u0159\u00e1li a odjeli pry\u010d z \u010cR n\u011bkam do tepla nebo term\u00e1ln\u00edch l\u00e1zn\u00ed. Obl\u00edben\u00e9 je nap\u0159\u00edklad Ma\u010farsko, kde si z term\u00e1ln\u00edch l\u00e1zn\u00ed m\u016f\u017eete vyb\u00edrat.\u00a0Dovolenou ale m\u016f\u017eete str\u00e1vit i\u00a0nap\u0159\u00edklad pozn\u00e1vac\u00edm z\u00e1jezdem do Pa\u0159\u00ed\u017ee, Mil\u00e1na, Vatik\u00e1nu a podobn\u011b. Nejv\u00fdhodn\u011bj\u0161\u00ed na tom je, \u017ee dovolenou v pr\u00e1ci nemus\u00edte vyb\u00edrat, m\u016f\u017eete si vyjet za pozn\u00e1v\u00e1n\u00edm p\u0159es v\u00edkend a m\u016f\u017eete tak str\u00e1vit V\u00e1noce \u010di Silvestra jinak.\u00a0V dne\u0161n\u00ed dob\u011b technologie a soci\u00e1ln\u00edch s\u00edt\u00ed se bohu\u017eel ka\u017ed\u00fd p\u0159edh\u00e1n\u00ed jakou drahou dovolenou str\u00e1vil a chlub\u00ed se t\u00edm pr\u00e1v\u011b na soci\u00e1ln\u00edch s\u00edt\u00edch. P\u0159itom to nen\u00ed to nejd\u016fle\u017eit\u011bj\u0161\u00ed. To hlavn\u00ed na dovolen\u00e9 je ale to, \u017ee si odpo\u010dinete a tr\u00e1v\u00edte \u010das s lidmi, na kter\u00fdm V\u00e1m z\u00e1le\u017e\u00ed, a je jedno, kde ji pro\u017eijete, jestli na Malediv\u00e1ch nebo doma na zahrad\u011b.\u00a0                                                                                                                                                                                                                                                                                                                                                                                        4.7\/5 - (6 votes)        "},{"@context":"https:\/\/schema.org\/","@type":"BreadcrumbList","itemListElement":[{"@type":"ListItem","position":1,"name":"Dovolen\u00e1 je pro ka\u017ed\u00e9ho","item":"https:\/\/www.szzmb.cz\/dovolena-je-pro-kazdeho\/#breadcrumbitem"}]}]